{"id":28,"date":"2007-05-12T20:20:21","date_gmt":"2007-05-12T23:20:21","guid":{"rendered":"http:\/\/www.entre.cl\/caramelo\/?p=12"},"modified":"2008-08-18T21:34:27","modified_gmt":"2008-08-19T01:34:27","slug":"5-la-chimenea-ambrosoli","status":"publish","type":"post","link":"https:\/\/caramelo.entre.cl\/?p=28","title":{"rendered":"5.-La chimenea Ambrosoli"},"content":{"rendered":"<p style=\"text-align: center;\"><strong><a title=\"chimenea-ambrosoli.jpg\" href=\"http:\/\/caramelo.entre.cl\/wp-content\/uploads\/2007\/05\/chimenea-ambrosoli.jpg\"><img loading=\"lazy\" class=\"aligncenter\" src=\"http:\/\/caramelo.entre.cl\/wp-content\/uploads\/2007\/05\/chimenea-ambrosoli.jpg\" alt=\"chimenea-ambrosoli.jpg\" width=\"362\" height=\"270\" \/><\/a><\/strong><\/p>\n<p>Esta imagen siempre fue muy importante para Don Costantino, fue la primera producci\u00f3n, el d\u00eda en que parti\u00f3 la f\u00e1brica. En esos a\u00f1os los s\u00edmbolos de la empresa eran los engranajes y las chimeneas. Estaba ubicada en la entrada a la gerencia en 3 Oriente 1288 en lugar destacado.<\/p>\n<p>As\u00ed de simple fue el inicio de esta aventura de emprender.<\/p>\n","protected":false},"excerpt":{"rendered":"<p>Esta imagen siempre fue muy importante para Don Costantino, fue la primera producci\u00f3n, el d\u00eda en que parti\u00f3 la f\u00e1brica. En esos a\u00f1os los s\u00edmbolos de la empresa eran los engranajes y las chimeneas. Estaba ubicada en la entrada a la gerencia en 3 Oriente 1288 en lugar destacado. As\u00ed de simple fue el inicio [&hellip;]<\/p>\n","protected":false},"author":2,"featured_media":0,"comment_status":"open","ping_status":"open","sticky":false,"template":"","format":"standard","meta":[],"categories":[1],"tags":[],"_links":{"self":[{"href":"https:\/\/caramelo.entre.cl\/index.php?rest_route=\/wp\/v2\/posts\/28"}],"collection":[{"href":"https:\/\/caramelo.entre.cl\/index.php?rest_route=\/wp\/v2\/posts"}],"about":[{"href":"https:\/\/caramelo.entre.cl\/index.php?rest_route=\/wp\/v2\/types\/post"}],"author":[{"embeddable":true,"href":"https:\/\/caramelo.entre.cl\/index.php?rest_route=\/wp\/v2\/users\/2"}],"replies":[{"embeddable":true,"href":"https:\/\/caramelo.entre.cl\/index.php?rest_route=%2Fwp%2Fv2%2Fcomments&post=28"}],"version-history":[{"count":2,"href":"https:\/\/caramelo.entre.cl\/index.php?rest_route=\/wp\/v2\/posts\/28\/revisions"}],"predecessor-version":[{"id":48,"href":"https:\/\/caramelo.entre.cl\/index.php?rest_route=\/wp\/v2\/posts\/28\/revisions\/48"}],"wp:attachment":[{"href":"https:\/\/caramelo.entre.cl\/index.php?rest_route=%2Fwp%2Fv2%2Fmedia&parent=28"}],"wp:term":[{"taxonomy":"category","embeddable":true,"href":"https:\/\/caramelo.entre.cl\/index.php?rest_route=%2Fwp%2Fv2%2Fcategories&post=28"},{"taxonomy":"post_tag","embeddable":true,"href":"https:\/\/caramelo.entre.cl\/index.php?rest_route=%2Fwp%2Fv2%2Ftags&post=28"}],"curies":[{"name":"wp","href":"https:\/\/api.w.org\/{rel}","templated":true}]}}